{"id":856,"date":"2021-09-28T19:08:56","date_gmt":"2021-09-28T17:08:56","guid":{"rendered":"http:\/\/mladez.biskupstvi.cz\/mamre\/?p=856"},"modified":"2026-03-04T15:49:57","modified_gmt":"2026-03-04T14:49:57","slug":"podzimni-prazdniny-na-mamre","status":"publish","type":"post","link":"https:\/\/mladez.biskupstvi.cz\/mamre\/2021\/09\/28\/podzimni-prazdniny-na-mamre\/","title":{"rendered":"Podzimn\u00ed pr\u00e1zdniny na Mamre"},"content":{"rendered":"\n<p>P\u0159ije\u010f na podzimn\u00ed pr\u00e1zdniny! Tento rok s dra\u010d\u00ed t\u00e9matikou Eragon&nbsp;<img decoding=\"async\" height=\"16\" width=\"16\" alt=\"\ud83d\ude03\" src=\"https:\/\/static.xx.fbcdn.net\/images\/emoji.php\/v9\/t51\/1\/16\/1f603.png\">.<br>P\u0159ihla\u0161ov\u00e1n\u00ed zde:&nbsp;<a href=\"https:\/\/forms.gle\/1ndYsyCUmXxCMWUa9?fbclid=IwAR1phLGQbmn3jlVLv0cugnz7ATAHP0AMrmy9RFE9rNeRbdAOOt_O7z2PnCE\" rel=\"noreferrer noopener\" target=\"_blank\">https:\/\/forms.gle\/1ndYsyCUmXxCMWUa9<\/a><\/p>\n","protected":false},"excerpt":{"rendered":"<p>P\u0159ije\u010f na podzimn\u00ed pr\u00e1zdniny! Tento rok s dra\u010d\u00ed t\u00e9matikou Eragon&nbsp;.P\u0159ihla\u0161ov\u00e1n\u00ed zde:&nbsp;https:\/\/forms.gle\/1ndYsyCUmXxCMWUa9<\/p>\n","protected":false},"author":2,"featured_media":866,"comment_status":"closed","ping_status":"open","sticky":false,"template":"","format":"standard","meta":{"_monsterinsights_skip_tracking":false,"_monsterinsights_sitenote_active":false,"_monsterinsights_sitenote_note":"","_monsterinsights_sitenote_category":0,"footnotes":""},"categories":[1],"tags":[],"class_list":["post-856","post","type-post","status-publish","format-standard","has-post-thumbnail","hentry","category-nezarazene"],"_links":{"self":[{"href":"https:\/\/mladez.biskupstvi.cz\/mamre\/wp-json\/wp\/v2\/posts\/856","targetHints":{"allow":["GET"]}}],"collection":[{"href":"https:\/\/mladez.biskupstvi.cz\/mamre\/wp-json\/wp\/v2\/posts"}],"about":[{"href":"https:\/\/mladez.biskupstvi.cz\/mamre\/wp-json\/wp\/v2\/types\/post"}],"author":[{"embeddable":true,"href":"https:\/\/mladez.biskupstvi.cz\/mamre\/wp-json\/wp\/v2\/users\/2"}],"replies":[{"embeddable":true,"href":"https:\/\/mladez.biskupstvi.cz\/mamre\/wp-json\/wp\/v2\/comments?post=856"}],"version-history":[{"count":4,"href":"https:\/\/mladez.biskupstvi.cz\/mamre\/wp-json\/wp\/v2\/posts\/856\/revisions"}],"predecessor-version":[{"id":868,"href":"https:\/\/mladez.biskupstvi.cz\/mamre\/wp-json\/wp\/v2\/posts\/856\/revisions\/868"}],"wp:featuredmedia":[{"embeddable":true,"href":"https:\/\/mladez.biskupstvi.cz\/mamre\/wp-json\/wp\/v2\/media\/866"}],"wp:attachment":[{"href":"https:\/\/mladez.biskupstvi.cz\/mamre\/wp-json\/wp\/v2\/media?parent=856"}],"wp:term":[{"taxonomy":"category","embeddable":true,"href":"https:\/\/mladez.biskupstvi.cz\/mamre\/wp-json\/wp\/v2\/categories?post=856"},{"taxonomy":"post_tag","embeddable":true,"href":"https:\/\/mladez.biskupstvi.cz\/mamre\/wp-json\/wp\/v2\/tags?post=856"}],"curies":[{"name":"wp","href":"https:\/\/api.w.org\/{rel}","templated":true}]}}