{"id":719,"date":"2020-11-28T11:56:49","date_gmt":"2020-11-28T10:56:49","guid":{"rendered":"http:\/\/mladez.biskupstvi.cz\/mamre\/?p=719"},"modified":"2026-03-04T15:49:57","modified_gmt":"2026-03-04T14:49:57","slug":"adventni-duchovni-obnova-online","status":"publish","type":"post","link":"https:\/\/mladez.biskupstvi.cz\/mamre\/2020\/11\/28\/adventni-duchovni-obnova-online\/","title":{"rendered":"Adventn\u00ed duchovn\u00ed obnova online"},"content":{"rendered":"\n<p>V sobotu 5. 12. se uskute\u010dn\u00ed Adventn\u00ed duchovn\u00ed obnova online. Za\u010d\u00e1tek je ve 14:00 a bude prob\u00edhat do ve\u010dern\u00edch hodin. Na programu jsou zamy\u0161len\u00ed, m\u0161e svat\u00e1 i ve\u010dern\u00ed modlitba. Ka\u017ed\u00fd se m\u016f\u017ee p\u0159ipojit na YouTube kan\u00e1le DC\u017dM Mamre. Dal\u0161\u00ed informace naleznete na Facebooku v ud\u00e1losti. <a rel=\"noreferrer noopener\" href=\"https:\/\/fb.me\/e\/Eg5SuNR5\" target=\"_blank\">https:\/\/fb.me\/e\/Eg5SuNR5<\/a><\/p>\n","protected":false},"excerpt":{"rendered":"<p>V sobotu 5. 12. se uskute\u010dn\u00ed Adventn\u00ed duchovn\u00ed obnova online. Za\u010d\u00e1tek je ve 14:00 a bude prob\u00edhat do ve\u010dern\u00edch hodin. Na programu jsou zamy\u0161len\u00ed, m\u0161e svat\u00e1 i ve\u010dern\u00ed modlitba. Ka\u017ed\u00fd se m\u016f\u017ee p\u0159ipojit na YouTube kan\u00e1le DC\u017dM Mamre. Dal\u0161\u00ed informace naleznete na Facebooku v ud\u00e1losti. https:\/\/fb.me\/e\/Eg5SuNR5<\/p>\n","protected":false},"author":2,"featured_media":720,"comment_status":"closed","ping_status":"open","sticky":false,"template":"","format":"standard","meta":{"_monsterinsights_skip_tracking":false,"_monsterinsights_sitenote_active":false,"_monsterinsights_sitenote_note":"","_monsterinsights_sitenote_category":0,"footnotes":""},"categories":[1],"tags":[],"class_list":["post-719","post","type-post","status-publish","format-standard","has-post-thumbnail","hentry","category-nezarazene"],"_links":{"self":[{"href":"https:\/\/mladez.biskupstvi.cz\/mamre\/wp-json\/wp\/v2\/posts\/719","targetHints":{"allow":["GET"]}}],"collection":[{"href":"https:\/\/mladez.biskupstvi.cz\/mamre\/wp-json\/wp\/v2\/posts"}],"about":[{"href":"https:\/\/mladez.biskupstvi.cz\/mamre\/wp-json\/wp\/v2\/types\/post"}],"author":[{"embeddable":true,"href":"https:\/\/mladez.biskupstvi.cz\/mamre\/wp-json\/wp\/v2\/users\/2"}],"replies":[{"embeddable":true,"href":"https:\/\/mladez.biskupstvi.cz\/mamre\/wp-json\/wp\/v2\/comments?post=719"}],"version-history":[{"count":1,"href":"https:\/\/mladez.biskupstvi.cz\/mamre\/wp-json\/wp\/v2\/posts\/719\/revisions"}],"predecessor-version":[{"id":721,"href":"https:\/\/mladez.biskupstvi.cz\/mamre\/wp-json\/wp\/v2\/posts\/719\/revisions\/721"}],"wp:featuredmedia":[{"embeddable":true,"href":"https:\/\/mladez.biskupstvi.cz\/mamre\/wp-json\/wp\/v2\/media\/720"}],"wp:attachment":[{"href":"https:\/\/mladez.biskupstvi.cz\/mamre\/wp-json\/wp\/v2\/media?parent=719"}],"wp:term":[{"taxonomy":"category","embeddable":true,"href":"https:\/\/mladez.biskupstvi.cz\/mamre\/wp-json\/wp\/v2\/categories?post=719"},{"taxonomy":"post_tag","embeddable":true,"href":"https:\/\/mladez.biskupstvi.cz\/mamre\/wp-json\/wp\/v2\/tags?post=719"}],"curies":[{"name":"wp","href":"https:\/\/api.w.org\/{rel}","templated":true}]}}