{"id":2406,"date":"2025-01-30T10:33:51","date_gmt":"2025-01-30T09:33:51","guid":{"rendered":"https:\/\/mladez.biskupstvi.cz\/mamre\/?p=2406"},"modified":"2026-03-04T15:49:56","modified_gmt":"2026-03-04T14:49:56","slug":"mamre-news-leden-2025-c-2","status":"publish","type":"post","link":"https:\/\/mladez.biskupstvi.cz\/mamre\/2025\/01\/30\/mamre-news-leden-2025-c-2\/","title":{"rendered":"Mamre NEWS leden 2025 \u010d.2"},"content":{"rendered":"\n<p>Leden je skoro za n\u00e1mi a je \u010das na dal\u0161\u00ed Mamre zpr\u00e1vy\ud83d\ude4f<\/p>\n\n\n\n<p>\u2b50\ufe0fPrvn\u00ed akc\u00ed roku byl Fl\u00e1kDance, kde jsme se pod veden\u00edm pana Hanzelky nau\u010dili z\u00e1klady standardn\u00edch tanc\u016f, a ve\u010der jsme tak mohli zaz\u00e1\u0159it na farn\u00edm plese \ud83d\udc83 D\u00edky pat\u0159\u00ed i Ivetce Vite\u0161n\u00edkov\u00e9 za nau\u010den\u00ed p\u0159edtan\u010den\u00ed \ud83d\ude07<br>\u2b50\ufe0fVe \u010dtvrtek 16. ledna se potkali dobrovoln\u00edci z Mamre a DCM na spole\u010dn\u00e9m bruslen\u00ed v Brn\u011b \ud83d\ude01 Za t\u00fdm se z\u00fa\u010dastnil Prokop a byla to vyda\u0159en\u00e1 akce a se\u0161lo se n\u00e1s po\u017eehnan\u011b, d\u00edky v\u0161em \ud83d\ude4c<br>\u2b50\ufe0fDal\u0161\u00ed v\u00edkend p\u0159ijeli nov\u00ed anim\u00e1to\u0159i a prob\u00edrali jsme t\u00e9ma Sebep\u0159ijet\u00ed &#8211; n\u00e1ro\u010dn\u00fd, ale dob\u0159e pro\u017eit\u00fd v\u00edkend \ud83d\ude4f<br>\u2b50\ufe0fPatty v t\u00fddnu jel do Kr\u00e1l\u00edk, kde prob\u011bhlo \u0161kolen\u00ed \u0159editel\u016f DCM a center ml\u00e1de\u017ee<br>\u2b50\ufe0fV p\u00e1tek 24. jsme hned zr\u00e1na jeli do Brna, proto\u017ee bylo pot\u0159eba chystat Ples ml\u00e1de\u017ee!<br>\u2b50\ufe0fPles na t\u00e9ma Black&amp;white se vyda\u0159il, u\u010dast byla vysok\u00e1 a kdo tam nebyl, m\u016f\u017ee jen litovat \ud83e\udd2d I proto, \u017ee p\u0159i\u0161el o n\u00e1dhern\u011b synchronizovan\u00e9 p\u016flno\u010dn\u00ed p\u0159ekvapen\u00ed t\u00fdm\u00e1k\u016f a DCM \ud83d\ude01<br>\u2b50\ufe0fV\u00edc fotek z plesu najde\u0161 u\u017e brzy na na\u0161em FB a webu clovekavira.cz<br>\u2b50\ufe0fByli jsme i na pa\u0159\u00edc\u00ed n\u00e1v\u0161t\u011bv\u011b u farn\u00edk\u016f, kde jsme sout\u011b\u017eili ve Fifa 25(viz foto). Marky vyhr\u00e1la nad Pattym, ale Patty n\u00e1sledn\u011b rozdrtil Vojtu \ud83e\udee3<br>\u2b50\ufe0fTe\u010f u\u017e n\u00e1s \u010dek\u00e1 Fl\u00e1kFilm, anim\u00e1to\u0159i dvojky a Jarn\u00ed pr\u00e1zdniny! \ud83e\udd29 Na ty se m\u016f\u017ee\u0161 po\u0159\u00e1d p\u0159ihla\u0161ovat v na\u0161em biu.<br>\u2b50\ufe0fSt\u00e1le je\u0161t\u011b b\u011b\u017e\u00ed sb\u00edrka na novou kuchy\u0148, m\u016f\u017ee\u0161 p\u0159isp\u011bt i ty na <a href=\"https:\/\/donator.cz\/projekt\/mamrekuchyn\">https:\/\/donator.cz\/projekt\/mamrekuchyn<\/a> \ud83d\ude4f<\/p>\n\n\n\n<p>D\u00edky v\u0161em za kr\u00e1sn\u011b str\u00e1ven\u00fd leden, Mamre zdar \ud83d\ude4c<\/p>\n\n\n\n<p><\/p>\n","protected":false},"excerpt":{"rendered":"<p>Leden je skoro za n\u00e1mi a je \u010das na dal\u0161\u00ed Mamre zpr\u00e1vy\ud83d\ude4f \u2b50\ufe0fPrvn\u00ed akc\u00ed roku byl Fl\u00e1kDance, kde jsme se pod veden\u00edm pana Hanzelky nau\u010dili z\u00e1klady standardn\u00edch tanc\u016f, a ve\u010der jsme tak mohli zaz\u00e1\u0159it na farn\u00edm plese \ud83d\udc83 D\u00edky pat\u0159\u00ed i Ivetce Vite\u0161n\u00edkov\u00e9 za nau\u010den\u00ed p\u0159edtan\u010den\u00ed \ud83d\ude07\u2b50\ufe0fVe \u010dtvrtek 16. ledna se potkali dobrovoln\u00edci z Mamre&hellip; <br \/> <a class=\"read-more\" href=\"https:\/\/mladez.biskupstvi.cz\/mamre\/2025\/01\/30\/mamre-news-leden-2025-c-2\/\">V\u00edce<\/a><\/p>\n","protected":false},"author":2,"featured_media":2407,"comment_status":"closed","ping_status":"open","sticky":false,"template":"","format":"standard","meta":{"_monsterinsights_skip_tracking":false,"_monsterinsights_sitenote_active":false,"_monsterinsights_sitenote_note":"","_monsterinsights_sitenote_category":0,"footnotes":""},"categories":[9],"tags":[],"class_list":["post-2406","post","type-post","status-publish","format-standard","has-post-thumbnail","hentry","category-mamre-news"],"_links":{"self":[{"href":"https:\/\/mladez.biskupstvi.cz\/mamre\/wp-json\/wp\/v2\/posts\/2406","targetHints":{"allow":["GET"]}}],"collection":[{"href":"https:\/\/mladez.biskupstvi.cz\/mamre\/wp-json\/wp\/v2\/posts"}],"about":[{"href":"https:\/\/mladez.biskupstvi.cz\/mamre\/wp-json\/wp\/v2\/types\/post"}],"author":[{"embeddable":true,"href":"https:\/\/mladez.biskupstvi.cz\/mamre\/wp-json\/wp\/v2\/users\/2"}],"replies":[{"embeddable":true,"href":"https:\/\/mladez.biskupstvi.cz\/mamre\/wp-json\/wp\/v2\/comments?post=2406"}],"version-history":[{"count":1,"href":"https:\/\/mladez.biskupstvi.cz\/mamre\/wp-json\/wp\/v2\/posts\/2406\/revisions"}],"predecessor-version":[{"id":2408,"href":"https:\/\/mladez.biskupstvi.cz\/mamre\/wp-json\/wp\/v2\/posts\/2406\/revisions\/2408"}],"wp:featuredmedia":[{"embeddable":true,"href":"https:\/\/mladez.biskupstvi.cz\/mamre\/wp-json\/wp\/v2\/media\/2407"}],"wp:attachment":[{"href":"https:\/\/mladez.biskupstvi.cz\/mamre\/wp-json\/wp\/v2\/media?parent=2406"}],"wp:term":[{"taxonomy":"category","embeddable":true,"href":"https:\/\/mladez.biskupstvi.cz\/mamre\/wp-json\/wp\/v2\/categories?post=2406"},{"taxonomy":"post_tag","embeddable":true,"href":"https:\/\/mladez.biskupstvi.cz\/mamre\/wp-json\/wp\/v2\/tags?post=2406"}],"curies":[{"name":"wp","href":"https:\/\/api.w.org\/{rel}","templated":true}]}}