{"id":1961,"date":"2024-04-10T10:42:47","date_gmt":"2024-04-10T08:42:47","guid":{"rendered":"https:\/\/mladez.biskupstvi.cz\/mamre\/?p=1961"},"modified":"2026-03-04T15:49:56","modified_gmt":"2026-03-04T14:49:56","slug":"mamre-news-brezen-2024-c-2","status":"publish","type":"post","link":"https:\/\/mladez.biskupstvi.cz\/mamre\/2024\/04\/10\/mamre-news-brezen-2024-c-2\/","title":{"rendered":"Mamre NEWS b\u0159ezen 2024 \u010d.2"},"content":{"rendered":"\n<p>Na Mamre a kolem Mamre se toho v posledn\u00ed dob\u011b ud\u00e1lo spoustu \ud83d\ude01 To znamen\u00e1 dal\u0161\u00ed d\u00edl Mamre NEWS!<\/p>\n\n\n\n<p>\u2b50\ufe0fT\u00fdden p\u0159ed Velikonoci jsme spolu s&nbsp;<a href=\"https:\/\/www.instagram.com\/jana_baloun\/\">@jana_baloun<\/a>&nbsp;hr\u00e1li na fa\u0159e ve Velk\u00e9m Mezi\u0159\u00ed\u010d\u00ed p\u0159edstaven\u00ed pro \u0161koly, ve kter\u00e9m jsme d\u011btem p\u0159ibl\u00ed\u017eili p\u0159\u00edb\u011bh Velikonoc<br>\u2b50\ufe0fO v\u00edkendu u n\u00e1s byli nov\u00ed anim\u00e1to\u0159i a rozv\u00edjeli jsme na\u0161i komunikaci \ud83e\udd10 a Kv\u011btnou ned\u011bl\u00ed s farnost\u00ed jsme za\u010dali Svat\u00fd t\u00fdden<br>\u2b50\ufe0fO Kv\u011btn\u00e9 ned\u011bli jsme spolu s DCM jeli do Brna do Jan\u00e1\u010dkova divadla\ud83d\ude2e na \u0158eck\u00e9 pa\u0161ije od Bohuslava Martin\u016f, kde jsme za\u017eili t\u0159\u00edhodinovou operu zp\u00edvanou v angli\u010dtin\u011b. Byl to opravdu mocn\u00fd z\u00e1\u017eitek \ud83d\ude43\ud83d\ude01<br>\u2b50\ufe0fDen nato jsme jeli op\u011bt do Brna na Lasergame spolu s dobrovoln\u00edky DCM a DC\u017dM, skv\u011bl\u00e1 akce. Z Lasergame ale \u010dlov\u011bk m\u00e1 \u017e\u00edze\u0148 \ud83e\udd75 Tu jsme uhasili samoz\u0159ejm\u011b limon\u00e1dou, i kdy\u017e na fotce \u010d.3 z hospody to nen\u00ed moc vid\u011bt.<br>\u2b50\ufe0fV \u00fater\u00fd se Proky s Vojtou vydali do \u017d\u010f\u00e1ru na tamn\u00ed zn\u00e1m\u00e9 \u017eiv\u00e9 pa\u0161ije<br>\u2b50\ufe0fVelikono\u010dn\u00ed triduum jsme za\u010dali ve \u010dtvrtek r\u00e1no na Petrov\u011b slavnostn\u00ed m\u0161\u00ed Missa chrismatis<br>\u2b50\ufe0fPot\u00e9 jsme se rozd\u011blili a vlakem a autem jsme s ml\u00e1de\u017e\u00ed jeli do B\u00edt\u00fd\u0161ky zah\u00e1jit Velikonoce na Mamre<br>\ud83d\ude01<br>\u2b50\ufe0fVelikonoce byly opravdu siln\u00fdm z\u00e1\u017eitkem. Nebyla to klasick\u00e1 Mamre akce, kladl se d\u016fraz na modlitbu a spr\u00e1vn\u00e9 pro\u017eit\u00ed sv\u00e1tk\u016f, ale i tak to byla jedna z nejhez\u010d\u00edch a nejpodstatn\u011bj\u0161\u00edch akc\u00ed za cel\u00fd rok. \u271d\ufe0f<br>\u2b50\ufe0f Spolu s t\u0159iceti \u00fa\u010dastn\u00edky jsme pro\u017eili sederovou ve\u010de\u0159i, zti\u0161ili se na Velk\u00fd p\u00e1tek, a spole\u010dn\u011b oslavili Vzk\u0159\u00ed\u0161en\u00ed. D\u011bkujeme v\u0161em, kdo n\u00e1m pomohli nebo i jen byli s n\u00e1ma, douf\u00e1me \u017ee jste Velikonoce na Mamre pro\u017eili co nejl\u00edp \ud83e\udd17\ud83c\udf40<br>\u2b50\ufe0fOslavili jsme i narozeniny t\u00fdma\u010dky Maru\u0161ky, a o p\u00e1r dn\u00ed pozd\u011bji i Pattyho, v\u0161echno nejlep\u0161\u00ed v\u00e1m p\u0159ejeme z cel\u00e9ho srdce \ud83e\udd73\ud83e\udd70<br>\u2b50\ufe0fHned po Velikonoc\u00edch jsme se pustili do ros\u00e1hl\u00e9 akce Rekonstrukce fary, malujeme, m\u011bn\u00edme co se d\u00e1, a p\u0159ipravujeme se na Brig\u00e1du na Mamre, kter\u00e1 prob\u011bhne o v\u00edkendu.<\/p>\n\n\n\n<p>D\u00edky za va\u0161i p\u0159\u00edze\u0148, \u017ee n\u00e1s m\u00e1te r\u00e1di, my v\u00e1s moc!<br>M\u011bjte se fanf\u00e1rov\u011b \ud83d\ude0a<\/p>\n","protected":false},"excerpt":{"rendered":"<p>Na Mamre a kolem Mamre se toho v posledn\u00ed dob\u011b ud\u00e1lo spoustu \ud83d\ude01 To znamen\u00e1 dal\u0161\u00ed d\u00edl Mamre NEWS! \u2b50\ufe0fT\u00fdden p\u0159ed Velikonoci jsme spolu s&nbsp;@jana_baloun&nbsp;hr\u00e1li na fa\u0159e ve Velk\u00e9m Mezi\u0159\u00ed\u010d\u00ed p\u0159edstaven\u00ed pro \u0161koly, ve kter\u00e9m jsme d\u011btem p\u0159ibl\u00ed\u017eili p\u0159\u00edb\u011bh Velikonoc\u2b50\ufe0fO v\u00edkendu u n\u00e1s byli nov\u00ed anim\u00e1to\u0159i a rozv\u00edjeli jsme na\u0161i komunikaci \ud83e\udd10 a Kv\u011btnou ned\u011bl\u00ed&hellip; <br \/> <a class=\"read-more\" href=\"https:\/\/mladez.biskupstvi.cz\/mamre\/2024\/04\/10\/mamre-news-brezen-2024-c-2\/\">V\u00edce<\/a><\/p>\n","protected":false},"author":2,"featured_media":1962,"comment_status":"closed","ping_status":"open","sticky":false,"template":"","format":"standard","meta":{"_monsterinsights_skip_tracking":false,"_monsterinsights_sitenote_active":false,"_monsterinsights_sitenote_note":"","_monsterinsights_sitenote_category":0,"footnotes":""},"categories":[9],"tags":[],"class_list":["post-1961","post","type-post","status-publish","format-standard","has-post-thumbnail","hentry","category-mamre-news"],"_links":{"self":[{"href":"https:\/\/mladez.biskupstvi.cz\/mamre\/wp-json\/wp\/v2\/posts\/1961","targetHints":{"allow":["GET"]}}],"collection":[{"href":"https:\/\/mladez.biskupstvi.cz\/mamre\/wp-json\/wp\/v2\/posts"}],"about":[{"href":"https:\/\/mladez.biskupstvi.cz\/mamre\/wp-json\/wp\/v2\/types\/post"}],"author":[{"embeddable":true,"href":"https:\/\/mladez.biskupstvi.cz\/mamre\/wp-json\/wp\/v2\/users\/2"}],"replies":[{"embeddable":true,"href":"https:\/\/mladez.biskupstvi.cz\/mamre\/wp-json\/wp\/v2\/comments?post=1961"}],"version-history":[{"count":1,"href":"https:\/\/mladez.biskupstvi.cz\/mamre\/wp-json\/wp\/v2\/posts\/1961\/revisions"}],"predecessor-version":[{"id":1963,"href":"https:\/\/mladez.biskupstvi.cz\/mamre\/wp-json\/wp\/v2\/posts\/1961\/revisions\/1963"}],"wp:featuredmedia":[{"embeddable":true,"href":"https:\/\/mladez.biskupstvi.cz\/mamre\/wp-json\/wp\/v2\/media\/1962"}],"wp:attachment":[{"href":"https:\/\/mladez.biskupstvi.cz\/mamre\/wp-json\/wp\/v2\/media?parent=1961"}],"wp:term":[{"taxonomy":"category","embeddable":true,"href":"https:\/\/mladez.biskupstvi.cz\/mamre\/wp-json\/wp\/v2\/categories?post=1961"},{"taxonomy":"post_tag","embeddable":true,"href":"https:\/\/mladez.biskupstvi.cz\/mamre\/wp-json\/wp\/v2\/tags?post=1961"}],"curies":[{"name":"wp","href":"https:\/\/api.w.org\/{rel}","templated":true}]}}