{"id":1314,"date":"2023-03-22T08:48:29","date_gmt":"2023-03-22T07:48:29","guid":{"rendered":"http:\/\/mladez.biskupstvi.cz\/mamre\/?p=1314"},"modified":"2026-03-04T15:49:56","modified_gmt":"2026-03-04T14:49:56","slug":"vikend-19-3","status":"publish","type":"post","link":"https:\/\/mladez.biskupstvi.cz\/mamre\/2023\/03\/22\/vikend-19-3\/","title":{"rendered":"V\u00edkend 19+"},"content":{"rendered":"\n<p><strong>28. &#8211; 30. 4.<\/strong><\/p>\n\n\n\n<p>R\u00e1di bychom V\u00e1s pozvali na v\u00edkend 19+,\u00a0<br>kter\u00fd je pro v\u0161echny lidi star\u0161\u00ed osmn\u00e1cti let.\u00a0<img decoding=\"async\" height=\"16\" width=\"16\" src=\"https:\/\/static.xx.fbcdn.net\/images\/emoji.php\/v9\/t4f\/1\/16\/1f601.png\" alt=\"\ud83d\ude01\"><br>V\u00edkend bude zam\u011b\u0159en na\u00a0t\u00e9ma identita.\u00a0<img decoding=\"async\" height=\"16\" width=\"16\" src=\"https:\/\/static.xx.fbcdn.net\/images\/emoji.php\/v9\/t55\/1\/16\/1f607.png\" alt=\"\ud83d\ude07\"><br>P\u0159ihla\u0161ov\u00e1n\u00ed zde:\u00a0<a rel=\"noreferrer noopener\" href=\"https:\/\/forms.gle\/Geq26EZGVocRfjgz6?fbclid=IwAR0wb9b9p3CaUpzW45d_tyhtTVZbZVUAANs431z0LV1MDZNGGXWjah6Ouok\" target=\"_blank\">https:\/\/forms.gle\/Geq26EZGVocRfjgz6<\/a><\/p>\n","protected":false},"excerpt":{"rendered":"<p>28. &#8211; 30. 4. R\u00e1di bychom V\u00e1s pozvali na v\u00edkend 19+,\u00a0kter\u00fd je pro v\u0161echny lidi star\u0161\u00ed osmn\u00e1cti let.\u00a0V\u00edkend bude zam\u011b\u0159en na\u00a0t\u00e9ma identita.\u00a0P\u0159ihla\u0161ov\u00e1n\u00ed zde:\u00a0https:\/\/forms.gle\/Geq26EZGVocRfjgz6<\/p>\n","protected":false},"author":2,"featured_media":1315,"comment_status":"closed","ping_status":"open","sticky":false,"template":"","format":"standard","meta":{"_monsterinsights_skip_tracking":false,"_monsterinsights_sitenote_active":false,"_monsterinsights_sitenote_note":"","_monsterinsights_sitenote_category":0,"footnotes":""},"categories":[1],"tags":[],"class_list":["post-1314","post","type-post","status-publish","format-standard","has-post-thumbnail","hentry","category-nezarazene"],"_links":{"self":[{"href":"https:\/\/mladez.biskupstvi.cz\/mamre\/wp-json\/wp\/v2\/posts\/1314","targetHints":{"allow":["GET"]}}],"collection":[{"href":"https:\/\/mladez.biskupstvi.cz\/mamre\/wp-json\/wp\/v2\/posts"}],"about":[{"href":"https:\/\/mladez.biskupstvi.cz\/mamre\/wp-json\/wp\/v2\/types\/post"}],"author":[{"embeddable":true,"href":"https:\/\/mladez.biskupstvi.cz\/mamre\/wp-json\/wp\/v2\/users\/2"}],"replies":[{"embeddable":true,"href":"https:\/\/mladez.biskupstvi.cz\/mamre\/wp-json\/wp\/v2\/comments?post=1314"}],"version-history":[{"count":2,"href":"https:\/\/mladez.biskupstvi.cz\/mamre\/wp-json\/wp\/v2\/posts\/1314\/revisions"}],"predecessor-version":[{"id":1317,"href":"https:\/\/mladez.biskupstvi.cz\/mamre\/wp-json\/wp\/v2\/posts\/1314\/revisions\/1317"}],"wp:featuredmedia":[{"embeddable":true,"href":"https:\/\/mladez.biskupstvi.cz\/mamre\/wp-json\/wp\/v2\/media\/1315"}],"wp:attachment":[{"href":"https:\/\/mladez.biskupstvi.cz\/mamre\/wp-json\/wp\/v2\/media?parent=1314"}],"wp:term":[{"taxonomy":"category","embeddable":true,"href":"https:\/\/mladez.biskupstvi.cz\/mamre\/wp-json\/wp\/v2\/categories?post=1314"},{"taxonomy":"post_tag","embeddable":true,"href":"https:\/\/mladez.biskupstvi.cz\/mamre\/wp-json\/wp\/v2\/tags?post=1314"}],"curies":[{"name":"wp","href":"https:\/\/api.w.org\/{rel}","templated":true}]}}